{"id":296,"date":"2023-10-27T21:50:04","date_gmt":"2023-10-27T20:50:04","guid":{"rendered":"https:\/\/kadirdogan.com.tr\/?p=296"},"modified":"2023-11-20T16:03:23","modified_gmt":"2023-11-20T15:03:23","slug":"almanyada-ucretsiz-dil-egitimi-almak","status":"publish","type":"post","link":"https:\/\/kadirdogan.com.tr\/index.php\/2023\/10\/27\/almanyada-ucretsiz-dil-egitimi-almak\/","title":{"rendered":"Almanya&#8217;da \u00fccretsiz dil e\u011fitimi almak"},"content":{"rendered":"<p>Bu yaz\u0131da belli ko\u015fullar\u0131 sa\u011flayan herkesin Almanya&#8217;da C1 d\u00fczeyine kadar nas\u0131l e\u011fitim alabilece\u011fini a\u00e7\u0131klamaya \u00e7al\u0131\u015ft\u0131m. Almanya&#8217;da dil e\u011fitim deste\u011fini iki farkl\u0131 kurum vermektedir. A1-B1 aras\u0131ndaki dil e\u011fitimini BAMF yani yabanc\u0131lar \u015fubesi, B2-C1 aras\u0131 e\u011fitimi Arbeitsagentur yani i\u015f bulma kurumu kar\u015f\u0131lamaktad\u0131r. Yaz\u0131n\u0131n devam\u0131nda 7 ya\u015f\u0131ndan b\u00fcy\u00fck \u00e7ocuklar ve \u00fcniversite okumak isteyenler i\u00e7in detaylar\u0131 da payla\u015ft\u0131m.<\/p>\n<p><strong>Toplam e\u011fitim maliyetinin %25&#8217;ini \u00f6deyerek A1-B1 aras\u0131 e\u011fitim almak:<\/strong>\u00a0 E\u011fer aile birle\u015fimi ile geldiyseniz, e\u015finiz hangi gerek\u00e7e ile Almanya&#8217;da ya\u015fama izni oldu\u011funa bak\u0131lmaks\u0131n\u0131z(mavi kartl\u0131, Alman vatanda\u015f\u0131 ya da s\u0131n\u0131rs\u0131z oturuma sahip) bu e\u011fitim imkan\u0131ndan faydalanabilirsiniz.\u00a0 Ancak BAMF (Bundesamt f\u00fcr Migration und Fl\u00fcchtlinge) yani yabanc\u0131lar \u015fubesi ile ilk temas\u0131n\u0131zda, sizin e\u011fitim durumunuza ba\u011fl\u0131 olarak oryantasyon s\u00fcrecine dahil olman\u0131za gerek olmad\u0131\u011f\u0131 bilgisi verilebilir. <strong>Bu \u015fu\u00a0 demek;<\/strong> sizin e\u011fitiminiz, ingilizce dil bilginiz gibi avantajlar\u0131n\u0131z Almanca \u00f6\u011frenmenize gerek kalmadan Almanya&#8217;da oturum, vatanda\u015fl\u0131k gibi s\u00fcre\u00e7lerde gerekli olan ve zorunlu olarak tamamlanmas\u0131 gereken oryantasyon ve B1 dil sertifikalar\u0131n\u0131 beyan etmenize gerek olmad\u0131\u011f\u0131 anlam\u0131na gelmektedir.\u00a0 Bu durumda BAMF&#8217;\u0131n size B1 Almanca ve devam\u0131nda Leben in Deutschland (Integrationskurs) e\u011fitimlerini alabilmeniz i\u00e7in gereken deste\u011fi sa\u011flamaz. Ancak tam bu arada bu e\u011fitime ihtiyac\u0131n\u0131z oldu\u011funu ve Almanca dil e\u011fitimi olmadan i\u015f bulamayaca\u011f\u0131n\u0131z\u0131 s\u00f6yledi\u011finiz takdirde hemen hemen Almanya&#8217;n\u0131n tamam\u0131nda ge\u00e7erli bir e\u011fitim deste\u011fi alacaks\u0131n\u0131z. Bu destek iki etapl\u0131 olacak. \u0130lk etapta e\u011fitim bedelinin yar\u0131s\u0131n\u0131 e\u015finiz \u00f6deyecek, ancak siz e\u011fitimlerden ba\u015far\u0131l\u0131 olup s\u0131navlar\u0131 ge\u00e7ti\u011finiz takdirde basit bir dilek\u00e7e vererek e\u011fitim boyunca \u00f6dedi\u011finiz tutar\u0131n %50&#8217;ini iade alabiliyorsunuz. Bu destekler e\u015fin kazand\u0131\u011f\u0131 maa\u015fa ve ya\u015fad\u0131\u011f\u0131n\u0131z eyalete g\u00f6re de\u011fi\u015fmektedir. Baz\u0131 eyaletlerde e\u015fin maa\u015f\u0131 belli bir rakamdan fazla ise, kursu e\u015fin \u00f6demesi beklenmektedir.<\/p>\n<p><strong>Hi\u00e7 \u00fccret \u00f6demeden B2-C1 aras\u0131 dil e\u011fitimi almak: <\/strong>\u00a0Bu b\u00f6l\u00fcm s\u0131n\u0131rs\u0131z oturumu olanlar\u0131, i\u015fsiz kalanlar\u0131 ve aile birle\u015fimi ile gelip B1&#8217;i ba\u015far\u0131 ile tamamlayan ve i\u015f bulmak i\u00e7in daha fazla dil e\u011fitimine ihtiya\u00e7 duyanlar\u0131 kapsar. B2-C1 aras\u0131 dil e\u011fitim deste\u011fi i\u00e7in kurs \u00fccretinin %100&#8217;\u00fc \u00f6denir ve s\u0131navlardan ba\u015far\u0131l\u0131 olmazsan\u0131z \u00fccreti geri iade etmek zorunda kalmazs\u0131n\u0131z, hatta bu e\u011fitimi almak i\u00e7in ev ile kurs aras\u0131ndaki ula\u015f\u0131m masraflar\u0131n\u0131z\u0131da e\u011fitimin sonunda talep etti\u011finiz takdirde size geri \u00f6denir. Ancak bu e\u011fitim BAMF&#8217;dan de\u011fil Bundesagentur f\u00fcr Arbeit yani i\u015f bulma kurumunda al\u0131rs\u0131n\u0131z. Ancak bu e\u011fitime ihtiyac\u0131n\u0131z oldu\u011fu ile ilgili k\u00fc\u00e7\u00fck bir ikna konu\u015fmas\u0131 yapman\u0131z gerekebilmektedir. \u00d6rne\u011fin doktorsunuz ve dil e\u011fitimine ihtiyac\u0131n\u0131z var, ya da pazarlama i\u015fiyle u\u011fra\u015facaks\u0131n\u0131z gibi dil odakl\u0131 mesleklerle ilgili olanlar\u0131n bu e\u011fitim deste\u011fini almas\u0131 son derece kolay olmaktad\u0131r.<\/p>\n<p>Ayr\u0131ca, e\u015f birle\u015fimi ile gelenlerin faydalanabilece\u011fi ba\u015fka bir se\u00e7enek ise<strong> Almanya&#8217;da \u00fcniversite e\u011fitimi<\/strong> almakt\u0131r. Bu durumda se\u00e7ti\u011finiz b\u00f6l\u00fcm Almanca gereken bir b\u00f6l\u00fcm ise haz\u0131rl\u0131k s\u0131n\u0131f\u0131nlar\u0131nda C1 seviyesine kadar \u00fccretsiz e\u011fitim alabilmektesiniz.<\/p>\n<p>Son olarak<strong> anaokul \u00e7a\u011f\u0131n\u0131 ge\u00e7mi\u015f \u00e7ocuklar\u0131<\/strong> ile beraber Almanya&#8217;ya g\u00f6\u00e7 eden ailelerin merak etti\u011fi bir konuya de\u011finerek gen\u00e7lerin okul e\u011fitime devam edebilmesi i\u00e7in gerekli olan s\u00fcreci a\u00e7\u0131klayarak yaz\u0131m\u0131z\u0131 bitirelim. \u00c7ocu\u011funuz<strong> 7 ya\u015f\u0131ndan b\u00fcy\u00fckse<\/strong> ve okula Almanya&#8217;da devam edecekse buradaki entegrasyon sorununu \u00e7\u00f6zmek i\u00e7in Almanya&#8217;da &#8220;Seiteneinsteiger*innen&#8221; diye ge\u00e7en bir s\u00fcre\u00e7 var. Bir t\u00fcr uyum kursu ve endi\u015felenmenize gerek yok. Bunun i\u00e7in BAMF ile konu\u015farak gerekli deste\u011fi talep edebilirsiniz.<\/p>\n","protected":false},"excerpt":{"rendered":"<p>Bu yaz\u0131da belli ko\u015fullar\u0131 sa\u011flayan herkesin Almanya&#8217;da C1 d\u00fczeyine kadar nas\u0131l e\u011fitim alabilece\u011fini a\u00e7\u0131klamaya \u00e7al\u0131\u015ft\u0131m. Almanya&#8217;da dil e\u011fitim deste\u011fini iki farkl\u0131 kurum vermektedir. A1-B1 aras\u0131ndaki dil e\u011fitimini BAMF yani yabanc\u0131lar \u015fubesi, B2-C1 aras\u0131 e\u011fitimi Arbeitsagentur yani i\u015f bulma kurumu kar\u015f\u0131lamaktad\u0131r. Yaz\u0131n\u0131n devam\u0131nda 7 ya\u015f\u0131ndan b\u00fcy\u00fck \u00e7ocuklar ve \u00fcniversite okumak isteyenler i\u00e7in detaylar\u0131 da payla\u015ft\u0131m. Toplam [&hellip;]<\/p>\n","protected":false},"author":1,"featured_media":0,"comment_status":"open","ping_status":"open","sticky":false,"template":"","format":"standard","meta":{"site-sidebar-layout":"default","site-content-layout":"","ast-site-content-layout":"default","site-content-style":"default","site-sidebar-style":"default","ast-global-header-display":"","ast-banner-title-visibility":"","ast-main-header-display":"","ast-hfb-above-header-display":"","ast-hfb-below-header-display":"","ast-hfb-mobile-header-display":"","site-post-title":"","ast-breadcrumbs-content":"","ast-featured-img":"","footer-sml-layout":"","theme-transparent-header-meta":"default","adv-header-id-meta":"","stick-header-meta":"","header-above-stick-meta":"","header-main-stick-meta":"","header-below-stick-meta":"","astra-migrate-meta-layouts":"set","ast-page-background-enabled":"default","ast-page-background-meta":{"desktop":{"background-color":"var(--ast-global-color-4)","background-image":"","background-repeat":"repeat","background-position":"center center","background-size":"auto","background-attachment":"scroll","background-type":"","background-media":"","overlay-type":"","overlay-color":"","overlay-gradient":""},"tablet":{"background-color":"","background-image":"","background-repeat":"repeat","background-position":"center center","background-size":"auto","background-attachment":"scroll","background-type":"","background-media":"","overlay-type":"","overlay-color":"","overlay-gradient":""},"mobile":{"background-color":"","background-image":"","background-repeat":"repeat","background-position":"center center","background-size":"auto","background-attachment":"scroll","background-type":"","background-media":"","overlay-type":"","overlay-color":"","overlay-gradient":""}},"ast-content-background-meta":{"desktop":{"background-color":"var(--ast-global-color-5)","background-image":"","background-repeat":"repeat","background-position":"center center","background-size":"auto","background-attachment":"scroll","background-type":"","background-media":"","overlay-type":"","overlay-color":"","overlay-gradient":""},"tablet":{"background-color":"var(--ast-global-color-5)","background-image":"","background-repeat":"repeat","background-position":"center center","background-size":"auto","background-attachment":"scroll","background-type":"","background-media":"","overlay-type":"","overlay-color":"","overlay-gradient":""},"mobile":{"background-color":"var(--ast-global-color-5)","background-image":"","background-repeat":"repeat","background-position":"center center","background-size":"auto","background-attachment":"scroll","background-type":"","background-media":"","overlay-type":"","overlay-color":"","overlay-gradient":""}},"footnotes":""},"categories":[8,1],"tags":[],"class_list":["post-296","post","type-post","status-publish","format-standard","hentry","category-almanya-da-yasam","category-genel"],"_links":{"self":[{"href":"https:\/\/kadirdogan.com.tr\/index.php\/wp-json\/wp\/v2\/posts\/296","targetHints":{"allow":["GET"]}}],"collection":[{"href":"https:\/\/kadirdogan.com.tr\/index.php\/wp-json\/wp\/v2\/posts"}],"about":[{"href":"https:\/\/kadirdogan.com.tr\/index.php\/wp-json\/wp\/v2\/types\/post"}],"author":[{"embeddable":true,"href":"https:\/\/kadirdogan.com.tr\/index.php\/wp-json\/wp\/v2\/users\/1"}],"replies":[{"embeddable":true,"href":"https:\/\/kadirdogan.com.tr\/index.php\/wp-json\/wp\/v2\/comments?post=296"}],"version-history":[{"count":7,"href":"https:\/\/kadirdogan.com.tr\/index.php\/wp-json\/wp\/v2\/posts\/296\/revisions"}],"predecessor-version":[{"id":695,"href":"https:\/\/kadirdogan.com.tr\/index.php\/wp-json\/wp\/v2\/posts\/296\/revisions\/695"}],"wp:attachment":[{"href":"https:\/\/kadirdogan.com.tr\/index.php\/wp-json\/wp\/v2\/media?parent=296"}],"wp:term":[{"taxonomy":"category","embeddable":true,"href":"https:\/\/kadirdogan.com.tr\/index.php\/wp-json\/wp\/v2\/categories?post=296"},{"taxonomy":"post_tag","embeddable":true,"href":"https:\/\/kadirdogan.com.tr\/index.php\/wp-json\/wp\/v2\/tags?post=296"}],"curies":[{"name":"wp","href":"https:\/\/api.w.org\/{rel}","templated":true}]}}