{"id":269,"date":"2023-10-18T08:54:12","date_gmt":"2023-10-18T07:54:12","guid":{"rendered":"https:\/\/kadirdogan.com.tr\/?p=269"},"modified":"2023-11-23T13:42:10","modified_gmt":"2023-11-23T12:42:10","slug":"almanya-yabancilar-subesi-auslanderbehordenin-oturum-karti-icin-aufenthaltserlaubnis-tahsil-ettigi-ucreti-iade-almak","status":"publish","type":"post","link":"https:\/\/kadirdogan.com.tr\/index.php\/2023\/10\/18\/almanya-yabancilar-subesi-auslanderbehordenin-oturum-karti-icin-aufenthaltserlaubnis-tahsil-ettigi-ucreti-iade-almak\/","title":{"rendered":"Almanya yabanc\u0131lar \u015fubesi (Auslanderbeh\u00f6rde&#8217;nin) Oturum kart\u0131 i\u00e7in (Aufenthaltserlaubnis) tahsil etti\u011fi \u00fccreti iade almak."},"content":{"rendered":"<p>Bir ay\u0131n sonunda 93\u20ac olarak benden tahsil edilen kart bedelini tekrar iade ald\u0131m. Bu \u00fc\u00e7\u00fcnc\u00fc iade i\u015flemim ve her seferinde ayn\u0131 \u015feyi duyuyorum: &#8216;\u00c7al\u0131\u015fma arkada\u015flar\u0131m\u0131za bildirdik, tekrarlanmayacak.&#8217; Ancak bu ayr\u0131nt\u0131y\u0131 bilmeyen her T\u00fcrk vatanda\u015f\u0131 bu durumdan ma\u011fdur oluyor. Karlsruhe Ausl\u00e4nderbeh\u00f6rde, Aufenthaltserlaubnis (oturum kart\u0131) i\u00e7in ki\u015fi ba\u015f\u0131 93\u20ac talep ediyor. Ancak Ankara Anla\u015fmas\u0131&#8217;na g\u00f6re bu miktar Alman vatanda\u015flar\u0131ndan daha fazla olamaz. Dolay\u0131s\u0131yla bizden 37\u20ac almalar\u0131 gerekiyor. Yani haks\u0131z yere fazladan tahsil ettikleri 56\u20ac&#8217;yu geri alabiliyoruz. A\u015fa\u011f\u0131daki payla\u015ft\u0131\u011f\u0131m \u00f6rnek benim son yaz\u0131\u015fmama \u00e7ok benziyor. Ben oturum uzatma talebi ile s\u00fcreci ba\u015flatt\u0131\u011f\u0131m i\u00e7in ifadeler vize uzatma ile ilgili ama, uzatma ya da yeni olmas\u0131na bak\u0131lmaks\u0131z\u0131n, fazla \u00fccret talep edilemez. Siz kendi durumunuza uygun olarak Almanca metni d\u00fczeltebilirsiniz. Karlsruhe i\u00e7in mail ataca\u011f\u0131n\u0131z konta\u011f\u0131da payla\u015f\u0131yorum<span style=\"font-size: 16px;\">.\u00a0 Di\u011fer \u015fehirlerde ya\u015fayanlar auslanderbeh\u00f6rde&#8217;den mail atacaklar\u0131 muhattab\u0131n bilgilerini alabilirler.<\/span><\/p>\n<blockquote><p>buergerdienste@oa.karlsruhe.de<\/p>\n<p>Sehr geehrte\/r Beamte\/r,<\/p>\n<p>Ich bin t\u00fcrkische Staatsb\u00fcrger und kam ich 2020 per Ehegattennachzug aus der T\u00fcrkei. Am 16.9.23 haben wir seinen eAT verl\u00e4ngert und mussten 93 euro zahlen. Diese Geb\u00fchr ist h\u00f6her als die 37 Euro, die vom Bundesverfassungsgericht 2014 festgelegt wurde. Ich bitte um die R\u00fcckzahlung der Differenz.<br \/>\nWie k\u00f6nnen wir in diesem Fall am Besten vorgehen?<\/p>\n<p>Freundliche Gr\u00fc\u00dfe,<\/p>\n<p>Vorname Name<br \/>\nAdresse<br \/>\nTelefonnummer<\/p>\n<p>Hier noch die einzelnen Nachweise zum Beschluss:<br \/>\n<a href=\"https:\/\/www.migrationsrecht.net\/nachrichten-auslaenderrecht-europa-und-eu\/stillhalteklausel-arb180-tuerkei-gebuehr.html\">https:\/\/www.migrationsrecht.net\/nachrichten-auslaenderrecht-europa-und-eu\/stillhalteklausel-arb180-tuerkei-gebuehr.html<\/a><br \/>\n<a href=\"https:\/\/www.migrationsrecht.net\/nachrichten-auslaenderrecht-politik-gesetzgebung\/stillhalteklausel-elektronischer-aufenthaltstitel-gebuehren.html\">https:\/\/www.migrationsrecht.net\/nachrichten-auslaenderrecht-politik-gesetzgebung\/stillhalteklausel-elektronischer-aufenthaltstitel-gebuehren.html<\/a><br \/>\nWikipedia:<br \/>\n<a href=\"https:\/\/de.wikipedia.org\/wiki\/Elektronischer_Aufenthaltstitel\">https:\/\/de.wikipedia.org\/wiki\/Elektronischer_Aufenthaltstitel<\/a> (Kritik)<br \/>\nGerichtsbeschluss:<br \/>\n<a href=\"https:\/\/www.gesetze-im-internet.de\/aufenthv\/__52a.html\">https:\/\/www.gesetze-im-internet.de\/aufenthv\/__52a.html<\/a><br \/>\nVerwaltung der Berliner Website:<br \/>\n<a href=\"https:\/\/service.berlin.de\/dienstleistung\/324995\/\">https:\/\/service.berlin.de\/dienstleistung\/324995\/<\/a><br \/>\n<a href=\"https:\/\/service.berlin.de\/dienstleistung\/328188\/\">https:\/\/service.berlin.de\/dienstleistung\/328188\/<\/a><\/p><\/blockquote>\n<p>E\u011fer saklad\u0131ysan\u0131z, \u00f6deme evraklar\u0131n\u0131 vs. maile ekleyin. Maili att\u0131ktan sonra sizinle ileti\u015fime ge\u00e7ip iban bilgilerinizi isteyecekler. E\u011fer \u00f6demeyi yapmazlar, s\u00fcrecin yanl\u0131\u015f vs. oldu\u011funu s\u00f6ylerlerse y\u0131lmay\u0131n. \u0130\u015f bilmez bir memura denk geldiniz demektir. Israrla talep edin. \u00dc\u00e7 kere ald\u0131m, arkada\u015flar\u0131mda ald\u0131. Sizde alacaks\u0131n\u0131z!<\/p>\n","protected":false},"excerpt":{"rendered":"<p>Bir ay\u0131n sonunda 93\u20ac olarak benden tahsil edilen kart bedelini tekrar iade ald\u0131m. Bu \u00fc\u00e7\u00fcnc\u00fc iade i\u015flemim ve her seferinde ayn\u0131 \u015feyi duyuyorum: &#8216;\u00c7al\u0131\u015fma arkada\u015flar\u0131m\u0131za bildirdik, tekrarlanmayacak.&#8217; Ancak bu ayr\u0131nt\u0131y\u0131 bilmeyen her T\u00fcrk vatanda\u015f\u0131 bu durumdan ma\u011fdur oluyor. Karlsruhe Ausl\u00e4nderbeh\u00f6rde, Aufenthaltserlaubnis (oturum kart\u0131) i\u00e7in ki\u015fi ba\u015f\u0131 93\u20ac talep ediyor. Ancak Ankara Anla\u015fmas\u0131&#8217;na g\u00f6re bu miktar [&hellip;]<\/p>\n","protected":false},"author":1,"featured_media":282,"comment_status":"open","ping_status":"open","sticky":false,"template":"","format":"standard","meta":{"site-sidebar-layout":"default","site-content-layout":"","ast-site-content-layout":"default","site-content-style":"default","site-sidebar-style":"default","ast-global-header-display":"","ast-banner-title-visibility":"","ast-main-header-display":"","ast-hfb-above-header-display":"","ast-hfb-below-header-display":"","ast-hfb-mobile-header-display":"","site-post-title":"","ast-breadcrumbs-content":"","ast-featured-img":"","footer-sml-layout":"","theme-transparent-header-meta":"default","adv-header-id-meta":"","stick-header-meta":"","header-above-stick-meta":"","header-main-stick-meta":"","header-below-stick-meta":"","astra-migrate-meta-layouts":"set","ast-page-background-enabled":"default","ast-page-background-meta":{"desktop":{"background-color":"var(--ast-global-color-4)","background-image":"","background-repeat":"repeat","background-position":"center center","background-size":"auto","background-attachment":"scroll","background-type":"","background-media":"","overlay-type":"","overlay-color":"","overlay-gradient":""},"tablet":{"background-color":"","background-image":"","background-repeat":"repeat","background-position":"center center","background-size":"auto","background-attachment":"scroll","background-type":"","background-media":"","overlay-type":"","overlay-color":"","overlay-gradient":""},"mobile":{"background-color":"","background-image":"","background-repeat":"repeat","background-position":"center center","background-size":"auto","background-attachment":"scroll","background-type":"","background-media":"","overlay-type":"","overlay-color":"","overlay-gradient":""}},"ast-content-background-meta":{"desktop":{"background-color":"var(--ast-global-color-5)","background-image":"","background-repeat":"repeat","background-position":"center center","background-size":"auto","background-attachment":"scroll","background-type":"","background-media":"","overlay-type":"","overlay-color":"","overlay-gradient":""},"tablet":{"background-color":"var(--ast-global-color-5)","background-image":"","background-repeat":"repeat","background-position":"center center","background-size":"auto","background-attachment":"scroll","background-type":"","background-media":"","overlay-type":"","overlay-color":"","overlay-gradient":""},"mobile":{"background-color":"var(--ast-global-color-5)","background-image":"","background-repeat":"repeat","background-position":"center center","background-size":"auto","background-attachment":"scroll","background-type":"","background-media":"","overlay-type":"","overlay-color":"","overlay-gradient":""}},"footnotes":""},"categories":[8,4,1],"tags":[102,100,99,101],"class_list":["post-269","post","type-post","status-publish","format-standard","has-post-thumbnail","hentry","category-almanya-da-yasam","category-bence-meinerseites","category-genel","tag-asiri-gerekli-bilgiler","tag-auslanderbehorde","tag-ucret-iadesi","tag-yabancilar-subesi"],"_links":{"self":[{"href":"https:\/\/kadirdogan.com.tr\/index.php\/wp-json\/wp\/v2\/posts\/269","targetHints":{"allow":["GET"]}}],"collection":[{"href":"https:\/\/kadirdogan.com.tr\/index.php\/wp-json\/wp\/v2\/posts"}],"about":[{"href":"https:\/\/kadirdogan.com.tr\/index.php\/wp-json\/wp\/v2\/types\/post"}],"author":[{"embeddable":true,"href":"https:\/\/kadirdogan.com.tr\/index.php\/wp-json\/wp\/v2\/users\/1"}],"replies":[{"embeddable":true,"href":"https:\/\/kadirdogan.com.tr\/index.php\/wp-json\/wp\/v2\/comments?post=269"}],"version-history":[{"count":10,"href":"https:\/\/kadirdogan.com.tr\/index.php\/wp-json\/wp\/v2\/posts\/269\/revisions"}],"predecessor-version":[{"id":734,"href":"https:\/\/kadirdogan.com.tr\/index.php\/wp-json\/wp\/v2\/posts\/269\/revisions\/734"}],"wp:featuredmedia":[{"embeddable":true,"href":"https:\/\/kadirdogan.com.tr\/index.php\/wp-json\/wp\/v2\/media\/282"}],"wp:attachment":[{"href":"https:\/\/kadirdogan.com.tr\/index.php\/wp-json\/wp\/v2\/media?parent=269"}],"wp:term":[{"taxonomy":"category","embeddable":true,"href":"https:\/\/kadirdogan.com.tr\/index.php\/wp-json\/wp\/v2\/categories?post=269"},{"taxonomy":"post_tag","embeddable":true,"href":"https:\/\/kadirdogan.com.tr\/index.php\/wp-json\/wp\/v2\/tags?post=269"}],"curies":[{"name":"wp","href":"https:\/\/api.w.org\/{rel}","templated":true}]}}